{"id":23995,"date":"2026-04-27T13:11:29","date_gmt":"2026-04-27T11:11:29","guid":{"rendered":"https:\/\/wydawnictwo.uksw.edu.pl\/?p=23995"},"modified":"2026-04-29T14:10:57","modified_gmt":"2026-04-29T12:10:57","slug":"feniks-2026-dla-wydawnictwa-naukowego-uksw","status":"publish","type":"post","link":"https:\/\/wydawnictwo.uksw.edu.pl\/feniks-2026-dla-wydawnictwa-naukowego-uksw\/","title":{"rendered":"Feniks 2026 dla Wydawnictwa Naukowego UKSW"},"content":{"rendered":"\n<p><strong>Wydawnictwo Naukowe UKSW zosta\u0142o jednym z g\u0142\u00f3wnych laureat\u00f3w tegorocznych Targ\u00f3w Wydawc\u00f3w Katolickich. Statuetk\u0119 Feniksa otrzymali\u015bmy w kategorii \u201eSeria Wydawnicza\u201d za edycj\u0119 <strong>\u201e<\/strong>Pism Zebranych<strong>\u201d<\/strong> siostry Boles\u0142awy Lament.<\/strong><\/p>\n\n\n\n<p>Siostra Boles\u0142awa Lament (1862-1946) \u2013 Za\u0142o\u017cycielki Zgromadzenia Si\u00f3str Misjonarek \u015awi\u0119tej Rodziny (MSF) \u2013 jest wa\u017cn\u0105 cho\u0107 wci\u0105\u017c niezbyt dobrze znan\u0105 postaci\u0105 polskiego Ko\u015bcio\u0142a. Przypomnijmy, \u017ce papie\u017c Jan Pawe\u0142 II podczas swej IV Pielgrzymki do Ojczyzny w czerwcu 1991 roku wpisa\u0142 j\u0105 w poczet polskich b\u0142ogos\u0142awionych, czyni\u0105c z niej patronk\u0119 jedno\u015bci i gorliwego umacniania wiary w\u015br\u00f3d katolik\u00f3w.<\/p>\n\n\n\n<p>Edycja \u201ePism Zebranych\u201d stanowi nie tylko podkre\u015blenie 35-lecia beatyfikacji tej jednej z najdzielniejszych kobiet prze\u0142omu XIX i XX wieku, ale r\u00f3wnie\u017c wpisuje si\u0119 w obchody jubileuszu 120-lecia istnienia samego Zgromadzenia, kt\u00f3rego praca apostolska i wychowawcza trwa nieprzerwanie od 1905 roku.<\/p>\n\n\n\n<p>Warto podkre\u015bli\u0107, \u017ce seria \u201eBoles\u0142awa Lament. Pisma Zebrane\u201d jest pierwszym w historii opracowaniem krytyczno-naukowym dorobku s. Boles\u0142awy Lament i obejmuje zar\u00f3wno dzie\u0142a teologiczne, literackie, jak i epistolograficzne. Sk\u0142ada si\u0119 na ni\u0105 pi\u0119\u0107 tom\u00f3w, kt\u00f3re zawieraj\u0105 pe\u0142n\u0105 spu\u015bcizn\u0119 pisarsk\u0105 Za\u0142o\u017cycielki Zgromadzenia Si\u00f3str Misjonarek \u015awi\u0119tej Rodziny.<\/p>\n\n\n\n<p>Opracowania naukowego podj\u0105\u0142 si\u0119 zesp\u00f3\u0142 naukowc\u00f3w Uniwersytetu Kardyna\u0142a Stefana Wyszy\u0144skiego w Warszawie pod kierunkiem dr. \u0141ukasza Cybulskiego. Pr\u00f3cz niego w zespole znalaz\u0142y si\u0119 r\u00f3wnie\u017c: dr <a>Magdalena Bober-Jankowska, dr Magdalena Partyka, dr hab. Beata Garlej, dr Ewangelina Skali\u0144ska<\/a>.<\/p>\n\n\n\n<p>Wydanie serii \u201eBoles\u0142awa Lament. Pisma Zebrane\u201d by\u0142o cz\u0119\u015bci\u0105 projektu \u201eEdycja krytyczna pism zebranych b\u0142ogos\u0142awionej Boles\u0142awy Lament\u201d realizowanego w ramach konkursu \u201eNauka dla Spo\u0142ecze\u0144stwa\u201d, finansowanego przez Ministerstwo Edukacji i Nauki, kt\u00f3ry (po przed\u0142u\u017ceniu) zako\u0144czy\u0142 si\u0119 w sierpniu 2025 roku.&nbsp;<\/p>\n\n\n\n<p>Na Pisma Zebrane sk\u0142ada si\u0119 5 tom\u00f3w:<\/p>\n\n\n\n<p><strong><a href=\"https:\/\/ksiegarnia.uksw.edu.pl\/ksiegarnia\/1204-boleslawa-lament-sumariusz.html\" data-type=\"link\" data-id=\"https:\/\/ksiegarnia.uksw.edu.pl\/ksiegarnia\/1204-boleslawa-lament-sumariusz.html\">(T. I) Sumariusz<\/a> <\/strong>\u2013 oprac. \u0141ukasz Cybulski,<br><a href=\"https:\/\/ksiegarnia.uksw.edu.pl\/ksiegarnia\/1457-boleslawa-lament-dyrektorium-pisma-zebrane-t-ii-cz-1-3-.html\" data-type=\"link\" data-id=\"https:\/\/ksiegarnia.uksw.edu.pl\/ksiegarnia\/1457-boleslawa-lament-dyrektorium-pisma-zebrane-t-ii-cz-1-3-.html\"><strong>(T. II, cz. 1, 2, 3) Dyrektorium<\/strong><\/a> \u2013 oprac. Magdalena Bober-Jankowska,<br><strong><a href=\"https:\/\/ksiegarnia.uksw.edu.pl\/ksiegarnia\/1469-boleslawa-lament-proby-literackie-pisma-zebrane-t-iii.html\" data-type=\"link\" data-id=\"https:\/\/ksiegarnia.uksw.edu.pl\/ksiegarnia\/1469-boleslawa-lament-proby-literackie-pisma-zebrane-t-iii.html\">(T. III) Pr\u00f3by literackie<\/a> <\/strong>\u00a0\u2013 oprac. \u0141ukasz Cybulski i Magdalena Partyka,<br><a href=\"https:\/\/ksiegarnia.uksw.edu.pl\/ksiegarnia\/1485-boleslawa-lament-korespondencja-pisma-zebrane-t-iv.html\" data-type=\"link\" data-id=\"https:\/\/ksiegarnia.uksw.edu.pl\/ksiegarnia\/1485-boleslawa-lament-korespondencja-pisma-zebrane-t-iv.html\"><strong>(T. IV) Korespondencja<\/strong><\/a> \u2013 oprac. Beata Garlej,<br><a href=\"https:\/\/ksiegarnia.uksw.edu.pl\/ksiegarnia\/1458-boleslawa-lament-aneks-pisma-zebrane-tv.html\" data-type=\"link\" data-id=\"https:\/\/ksiegarnia.uksw.edu.pl\/ksiegarnia\/1458-boleslawa-lament-aneks-pisma-zebrane-tv.html\"><strong>(T. V) Aneks<\/strong><\/a> \u2013 oprac. Ewangelina Skali\u0144ska.<\/p>\n\n\n\n<p><\/p>\n","protected":false},"excerpt":{"rendered":"<p>Wydawnictwo Naukowe UKSW zosta\u0142o jednym z g\u0142\u00f3wnych laureat\u00f3w tegorocznych Targ\u00f3w Wydawc\u00f3w Katolickich. Statuetk\u0119 Feniksa otrzymali\u015bmy w kategorii \u201eSeria Wydawnicza\u201d za edycj\u0119 \u201ePism Zebranych\u201d siostry Boles\u0142awy Lament. Siostra Boles\u0142awa Lament (1862-1946) \u2013 Za\u0142o\u017cycielki Zgromadzenia Si\u00f3str Misjonarek \u015awi\u0119tej Rodziny (MSF) \u2013 jest wa\u017cn\u0105 cho\u0107 wci\u0105\u017c niezbyt dobrze znan\u0105 postaci\u0105 polskiego Ko\u015bcio\u0142a. Przypomnijmy, \u017ce papie\u017c Jan Pawe\u0142 II [&hellip;]<\/p>\n","protected":false},"author":657,"featured_media":23997,"comment_status":"closed","ping_status":"closed","sticky":false,"template":"","format":"standard","meta":{"_acf_changed":false,"inline_featured_image":false,"footnotes":"","_links_to":"","_links_to_target":""},"categories":[1],"tags":[],"class_list":["post-23995","post","type-post","status-publish","format-standard","has-post-thumbnail","hentry","category-aktualnosci"],"acf":[],"_links":{"self":[{"href":"https:\/\/wydawnictwo.uksw.edu.pl\/pl\/wp-json\/wp\/v2\/posts\/23995","targetHints":{"allow":["GET"]}}],"collection":[{"href":"https:\/\/wydawnictwo.uksw.edu.pl\/pl\/wp-json\/wp\/v2\/posts"}],"about":[{"href":"https:\/\/wydawnictwo.uksw.edu.pl\/pl\/wp-json\/wp\/v2\/types\/post"}],"author":[{"embeddable":true,"href":"https:\/\/wydawnictwo.uksw.edu.pl\/pl\/wp-json\/wp\/v2\/users\/657"}],"replies":[{"embeddable":true,"href":"https:\/\/wydawnictwo.uksw.edu.pl\/pl\/wp-json\/wp\/v2\/comments?post=23995"}],"version-history":[{"count":19,"href":"https:\/\/wydawnictwo.uksw.edu.pl\/pl\/wp-json\/wp\/v2\/posts\/23995\/revisions"}],"predecessor-version":[{"id":24045,"href":"https:\/\/wydawnictwo.uksw.edu.pl\/pl\/wp-json\/wp\/v2\/posts\/23995\/revisions\/24045"}],"wp:featuredmedia":[{"embeddable":true,"href":"https:\/\/wydawnictwo.uksw.edu.pl\/pl\/wp-json\/wp\/v2\/media\/23997"}],"wp:attachment":[{"href":"https:\/\/wydawnictwo.uksw.edu.pl\/pl\/wp-json\/wp\/v2\/media?parent=23995"}],"wp:term":[{"taxonomy":"category","embeddable":true,"href":"https:\/\/wydawnictwo.uksw.edu.pl\/pl\/wp-json\/wp\/v2\/categories?post=23995"},{"taxonomy":"post_tag","embeddable":true,"href":"https:\/\/wydawnictwo.uksw.edu.pl\/pl\/wp-json\/wp\/v2\/tags?post=23995"}],"curies":[{"name":"wp","href":"https:\/\/api.w.org\/{rel}","templated":true}]}}