{"id":24036,"date":"2026-04-29T10:40:24","date_gmt":"2026-04-29T08:40:24","guid":{"rendered":"https:\/\/wydawnictwo.uksw.edu.pl\/?p=24036"},"modified":"2026-04-29T10:44:14","modified_gmt":"2026-04-29T08:44:14","slug":"la-politica-della-storia-tra-letteratura-e-interpretazioni-storiografiche","status":"publish","type":"post","link":"https:\/\/wydawnictwo.uksw.edu.pl\/la-politica-della-storia-tra-letteratura-e-interpretazioni-storiografiche\/","title":{"rendered":"La politica della storia. Tra letteratura e interpretazioni storiografiche"},"content":{"rendered":"\n<p>\u201eIl presente volume raccoglie una selezione degli interventi presentati al convegno internazionale <em>La politica della storia tra letteratura e interpretazioni storiografiche,<\/em> svoltosi il 17 aprile 2024 a Varsavia presso l\u2019Istituto Italiano di Cultura, che lo ha organizzato insieme all\u2019Universit\u00e0 Cardinale Stefan Wyszy\u0144ski di Varsavia. L\u2019incontro, promosso da Daniele Stasi, Onofrio Bellifemine, Ma\u0142gorzata \u015alarzy\u0144ska e Raoul Bruni, si \u00e8 proposto di approfondire il complesso rapporto tra storiografia, rappresentazioni letterarie e politiche della memoria nel contesto europeo contemporaneo\u201d.\u00a0(dalla\u00a0<em>Premessa<\/em>)<\/p>\n\n\n\n<p><strong><a href=\"https:\/\/ksiegarnia.uksw.edu.pl\/img\/cms\/Spisy%20tre%C5%9Bci\/Stasi%20%C5%9Alarzy%C5%84ska%20Bllifemine%20-%20La%20politica%20della%20storia%20-%20spis%20tre%C5%9Bci.pdf\">INDICE<\/a><\/strong><\/p>\n\n\n\n<div class=\"wp-block-buttons is-layout-flex wp-block-buttons-is-layout-flex\">\n<div class=\"wp-block-button is-style-outline is-style-outline--1\"><a class=\"wp-block-button__link wp-element-button\" href=\"https:\/\/ksiegarnia.uksw.edu.pl\/ksiegarnia\/1576-la-politica-della-storia-tra-letteratura-e-interpretazioni-storiografiche.html\">Compra un libro<\/a><\/div>\n<\/div>\n\n\n\n<p>&nbsp;_________________________<\/p>\n\n\n\n<p>\u201eNiniejszy tom zawiera wyb\u00f3r referat\u00f3w zaprezentowanych na mi\u0119dzynarodowej konferencji \u00abPolityka historyczna mi\u0119dzy literatur\u0105 a interpretacjami historiograficznymi\u00bb, kt\u00f3ra odby\u0142a si\u0119 17 kwietnia 2024 r. w Warszawie, w siedzibie W\u0142oskiego Instytutu Kultury, wsp\u00f3\u0142organizatora konferencji z Uniwersytetem Kardyna\u0142a Stefana Wyszy\u0144skiego w Warszawie. Konferencja, kt\u00f3rej promotorami byli Daniele Stasi, Onofrio Bellifemine, Ma\u0142gorzata \u015alarzy\u0144ska i Raoul Bruni, mia\u0142a na celu zbadanie z\u0142o\u017conej relacji mi\u0119dzy historiografi\u0105, reprezentacjami literackimi a polityk\u0105 pami\u0119ci we wsp\u00f3\u0142czesnym kontek\u015bcie europejskim\u201d. (z&nbsp;<em>Przedmowy<\/em>)<\/p>\n\n\n\n<p><strong><a href=\"https:\/\/ksiegarnia.uksw.edu.pl\/img\/cms\/Spisy%20tre%C5%9Bci\/Stasi%20%C5%9Alarzy%C5%84ska%20Bllifemine%20-%20La%20politica%20della%20storia%20-%20spis%20tre%C5%9Bci.pdf\">SPIS TRE\u015aCI<\/a><\/strong><\/p>\n\n\n\n<div class=\"wp-block-buttons is-layout-flex wp-block-buttons-is-layout-flex\">\n<div class=\"wp-block-button is-style-outline is-style-outline--2\"><a class=\"wp-block-button__link wp-element-button\" href=\"https:\/\/ksiegarnia.uksw.edu.pl\/ksiegarnia\/1576-la-politica-della-storia-tra-letteratura-e-interpretazioni-storiografiche.html\">Kup ksi\u0105\u017ck\u0119<\/a><\/div>\n<\/div>\n","protected":false},"excerpt":{"rendered":"<p>\u201eIl presente volume raccoglie una selezione degli interventi presentati al convegno internazionale La politica della storia tra letteratura e interpretazioni storiografiche, svoltosi il 17 aprile 2024 a Varsavia presso l\u2019Istituto Italiano di Cultura, che lo ha organizzato insieme all\u2019Universit\u00e0 Cardinale Stefan Wyszy\u0144ski di Varsavia. L\u2019incontro, promosso da Daniele Stasi, Onofrio Bellifemine, Ma\u0142gorzata \u015alarzy\u0144ska e Raoul [&hellip;]<\/p>\n","protected":false},"author":657,"featured_media":24039,"comment_status":"closed","ping_status":"closed","sticky":false,"template":"","format":"standard","meta":{"_acf_changed":false,"inline_featured_image":false,"footnotes":"","_links_to":"","_links_to_target":""},"categories":[1],"tags":[],"class_list":["post-24036","post","type-post","status-publish","format-standard","has-post-thumbnail","hentry","category-aktualnosci"],"acf":[],"_links":{"self":[{"href":"https:\/\/wydawnictwo.uksw.edu.pl\/pl\/wp-json\/wp\/v2\/posts\/24036","targetHints":{"allow":["GET"]}}],"collection":[{"href":"https:\/\/wydawnictwo.uksw.edu.pl\/pl\/wp-json\/wp\/v2\/posts"}],"about":[{"href":"https:\/\/wydawnictwo.uksw.edu.pl\/pl\/wp-json\/wp\/v2\/types\/post"}],"author":[{"embeddable":true,"href":"https:\/\/wydawnictwo.uksw.edu.pl\/pl\/wp-json\/wp\/v2\/users\/657"}],"replies":[{"embeddable":true,"href":"https:\/\/wydawnictwo.uksw.edu.pl\/pl\/wp-json\/wp\/v2\/comments?post=24036"}],"version-history":[{"count":4,"href":"https:\/\/wydawnictwo.uksw.edu.pl\/pl\/wp-json\/wp\/v2\/posts\/24036\/revisions"}],"predecessor-version":[{"id":24041,"href":"https:\/\/wydawnictwo.uksw.edu.pl\/pl\/wp-json\/wp\/v2\/posts\/24036\/revisions\/24041"}],"wp:featuredmedia":[{"embeddable":true,"href":"https:\/\/wydawnictwo.uksw.edu.pl\/pl\/wp-json\/wp\/v2\/media\/24039"}],"wp:attachment":[{"href":"https:\/\/wydawnictwo.uksw.edu.pl\/pl\/wp-json\/wp\/v2\/media?parent=24036"}],"wp:term":[{"taxonomy":"category","embeddable":true,"href":"https:\/\/wydawnictwo.uksw.edu.pl\/pl\/wp-json\/wp\/v2\/categories?post=24036"},{"taxonomy":"post_tag","embeddable":true,"href":"https:\/\/wydawnictwo.uksw.edu.pl\/pl\/wp-json\/wp\/v2\/tags?post=24036"}],"curies":[{"name":"wp","href":"https:\/\/api.w.org\/{rel}","templated":true}]}}